{"id":127,"date":"2025-09-16T08:12:17","date_gmt":"2025-09-16T08:12:17","guid":{"rendered":"https:\/\/ilovepoland.fi\/?p=127"},"modified":"2025-09-16T08:12:17","modified_gmt":"2025-09-16T08:12:17","slug":"puolan-suurlahettilaan-historiallinen-suomenkielinen-esiintyminen-yle-tv1ssa","status":"publish","type":"post","link":"https:\/\/ilovepoland.fi\/?p=127","title":{"rendered":"Puolan suurl\u00e4hettil\u00e4\u00e4n historiallinen suomenkielinen esiintyminen YLE TV1:ss\u00e4"},"content":{"rendered":"\n<p><strong>Yleisradion uudessa Yle Sunnuntai -keskusteluohjelmassa n\u00e4htiin viikonloppuna historiallinen hetki. Puolan Suomen-suurl\u00e4hettil\u00e4s Tomasz Ch\u0142o\u0144 antoi pitk\u00e4n, noin kymmenminuuttisen haastattelun suomen kielell\u00e4. Todenn\u00e4k\u00f6isesti kukaan mik\u00e4\u00e4n ulkovallan suurl\u00e4hettil\u00e4s ei ole aiemmin esiintynyt sujuvalla suomen kielell\u00e4 televisiossa, viel\u00e4p\u00e4 pitk\u00e4ss\u00e4, turvallisuuspoliittisessa ja taloussuhteitakin k\u00e4sitelleess\u00e4 keskustelussa.<\/strong><\/p>\n\n\n\n<p>Puolan suurl\u00e4hettil\u00e4s Ch\u0142o\u0144 ei tyytynyt kevyisiin kohteliaisuuksiin, vaan keskusteli vaivatta suomalaisyleis\u00f6lle vaikeistakin aiheista: turvallisuuspolitiikasta, taloussuhteista ja Ven\u00e4j\u00e4n kasvavasta painostuksesta. Ylen toimittajan kanssa k\u00e4yty keskustelu painottui viime p\u00e4ivien dramaattisiin tapahtumiin, kun Ven\u00e4j\u00e4 l\u00e4hetti yhden y\u00f6n aikana 21 droonia Puolan ilmatilaan.<\/p>\n\n\n\n<p>Puola ampui osan aluksista alas muiden Nato-maiden tuella. Ch\u0142o\u0144in mukaan t\u00e4llainen operaatio osoitti sek\u00e4 Puolan oman puolustuksen ett\u00e4 Naton toimivan tehokkaasti. H\u00e4n kuvaili tapausta selv\u00e4sti vihamieliseksi ja tahalliseksi Ven\u00e4j\u00e4n toimenpiteeksi.<\/p>\n\n\n\n<p>\u2013 <em>\u201dYksi, kaksi tai vaikkapa kolme droonia ei ole mit\u00e4\u00e4n yll\u00e4tt\u00e4v\u00e4\u00e4, mutta niit\u00e4 tuli Puolaan yhdess\u00e4 y\u00f6ss\u00e4 21.\u201d<\/em><\/p>\n\n\n\n<p>Suurl\u00e4hettil\u00e4\u00e4n mukaan ven\u00e4l\u00e4iset droonit eiv\u00e4t saa Puolaa pelon valtaan. \u2013 <em>\u201dMe emme pelk\u00e4\u00e4. Olemme Natossa ja meill\u00e4 on vahva oma armeija.\u201d<\/em><\/p>\n\n\n\n<h3 class=\"wp-block-heading\"><strong>\u201dAhtisaaren hetki\u201d symboloi toivoa kriisiss\u00e4<\/strong><\/h3>\n\n\n\n<p>Haastattelussa Ch\u0142o\u0144 korosti, ett\u00e4 Naton vastaus drooni-iskuihin toi mieleen presidentti Martti Ahtisaaren. H\u00e4n k\u00e4ytti ilmaisua \u201dAhtisaaren hetki\u201d, viitaten siihen, ett\u00e4 kriiseiss\u00e4 on aina my\u00f6s toivon elementtej\u00e4.<\/p>\n\n\n\n<p>Nato julkisti perjantaina Eastern Sentry -nimisen operaation, jonka my\u00f6t\u00e4 useat liittolaismaat \u2013 muun muassa Tanska, Saksa ja Ranska \u2013 toimittavat Puolalle h\u00e4vitt\u00e4ji\u00e4 ja muuta puolustuskalustoa. Ch\u0142o\u0144in mukaan t\u00e4m\u00e4 apu tuli nopeasti ja oli kokonaisuudessaan riitt\u00e4v\u00e4\u00e4.<\/p>\n\n\n\n<p>\u2013 <em>\u201dSe tarkoittaa, ett\u00e4 kriisiss\u00e4 on toivon elementtej\u00e4.\u201d<\/em><\/p>\n\n\n\n<h3 class=\"wp-block-heading\"><strong>Zapad-harjoitus ja Naton Iron Defender<\/strong><\/h3>\n\n\n\n<p>YLE-haastattelussa k\u00e4siteltiin my\u00f6s meneill\u00e4\u00e4n olevia sotaharjoituksia. Ven\u00e4j\u00e4 ja Valko-Ven\u00e4j\u00e4 aloittivat viikonloppuna nelj\u00e4n vuoden v\u00e4lein j\u00e4rjestett\u00e4v\u00e4n Zapad-harjoituksen, johon osallistuu noin 30 000 sotilasta. Harjoituksessa simuloidaan muun muassa Naton joukkojen tuhoamista.<\/p>\n\n\n\n<p>Samaan aikaan Puolan puolella on k\u00e4ynniss\u00e4 Naton Iron Defender -harjoitus, johon osallistuu vastaavasti noin 30 000 sotilasta. Ch\u0142o\u0144 vakuutti YLE:lle, ettei Puolassa n\u00e4hd\u00e4 tilannetta erityisen j\u00e4nnittyneen\u00e4: \u2013 <em>\u201dMe olemme valmiita. Nato-liittolaiset ovat mukana.\u201d<\/em><\/p>\n\n\n\n<h3 class=\"wp-block-heading\"><strong>Suurl\u00e4hettil\u00e4s, joka haluaa puhua suomea<\/strong><\/h3>\n\n\n\n<p>Se, mik\u00e4 tekee Ch\u0142o\u0144in esiintymisest\u00e4 ainutlaatuisen, ei kuitenkaan ole pelk\u00e4st\u00e4\u00e4n sis\u00e4lt\u00f6 vaan my\u00f6s kieli. Suomessa ei ole aiemmin n\u00e4hty, ett\u00e4 ulkomaan suurl\u00e4hettil\u00e4s olisi esiintynyt n\u00e4in laajasti televisiossa suomen kielell\u00e4, viel\u00e4p\u00e4 niin, ett\u00e4 keskustelun aiheina olivat kansainv\u00e4lisen politiikan ja talouden ajankohtaiskysymykset.<\/p>\n\n\n\n<p>Usein ulkomaiden l\u00e4hettil\u00e4\u00e4t turvautuvat englantiin tai tulkkiin. Nyt puolalaisdiplomaatti puhutteli suomalaisia heid\u00e4n omalla kielell\u00e4\u00e4n \u2013 sujuvasti ja vakuuttavasti. T\u00e4m\u00e4 tekee tapauksesta poikkeuksellisen my\u00f6s Suomen diplomaattihistoriassa.<\/p>\n\n\n\n<p>Ch\u0142o\u0144in valinta esiinty\u00e4 suomeksi televisiossa voi n\u00e4hd\u00e4 eleen\u00e4, jolla h\u00e4n haluaa tuoda Puolan l\u00e4hemm\u00e4ksi suomalaisia. Puolalaisen ja suomalaisen yleis\u00f6n v\u00e4linen yhteys rakentui t\u00e4ll\u00e4 kertaa ilman v\u00e4likielt\u00e4, mik\u00e4 teki viestist\u00e4 v\u00e4litt\u00f6m\u00e4mm\u00e4n ja luontevamman.<\/p>\n\n\n\n<p>Kyse ei ole pelk\u00e4st\u00e4\u00e4n kielitaidosta, vaan my\u00f6s poliittisesta viestist\u00e4: Puola haluaa osoittaa olevansa l\u00e4hell\u00e4 Suomea niin arvoissa kuin k\u00e4yt\u00e4nn\u00f6n turvallisuusyhteisty\u00f6ss\u00e4, unohtamatta voimakkaassa talouskasvussa olevan Puolan kanssa avautuvista uusista yhteisty\u00f6mahdollisuuksista.<\/p>\n\n\n\n<h4 class=\"wp-block-heading\">Lue lis\u00e4\u00e4:<\/h4>\n\n\n\n<ul class=\"wp-block-list\">\n<li><strong>YLE: <\/strong><a href=\"https:\/\/yle.fi\/a\/74-20182854\">Puolan Suomen-suurl\u00e4hettil\u00e4s kehuu Naton vastausta ven\u00e4l\u00e4isiin drooneihin: Tulee mieleen \u201dAhtisaaren hetki\u201d<\/a><\/li>\n<\/ul>\n","protected":false},"excerpt":{"rendered":"<p>Yleisradion uudessa Yle Sunnuntai -keskusteluohjelmassa n\u00e4htiin viikonloppuna historiallinen hetki. Puolan Suomen-suurl\u00e4hettil\u00e4s Tomasz Ch\u0142o\u0144 antoi pitk\u00e4n, noin kymmenminuuttisen haastattelun suomen kielell\u00e4. Todenn\u00e4k\u00f6isesti kukaan mik\u00e4\u00e4n ulkovallan suurl\u00e4hettil\u00e4s ei ole aiemmin esiintynyt sujuvalla suomen kielell\u00e4 televisiossa, viel\u00e4p\u00e4 pitk\u00e4ss\u00e4, turvallisuuspoliittisessa ja taloussuhteitakin k\u00e4sitelleess\u00e4 keskustelussa. Puolan suurl\u00e4hettil\u00e4s Ch\u0142o\u0144 ei tyytynyt kevyisiin kohteliaisuuksiin, vaan keskusteli vaivatta suomalaisyleis\u00f6lle vaikeistakin aiheista: turvallisuuspolitiikasta, taloussuhteista [&hellip;]<\/p>\n","protected":false},"author":2,"featured_media":128,"comment_status":"open","ping_status":"open","sticky":false,"template":"","format":"standard","meta":{"footnotes":""},"categories":[5],"tags":[2,23,24],"class_list":["post-127","post","type-post","status-publish","format-standard","has-post-thumbnail","hentry","category-artikkeli","tag-fin","tag-tomasz-chlon","tag-yle"],"_links":{"self":[{"href":"https:\/\/ilovepoland.fi\/index.php?rest_route=\/wp\/v2\/posts\/127","targetHints":{"allow":["GET"]}}],"collection":[{"href":"https:\/\/ilovepoland.fi\/index.php?rest_route=\/wp\/v2\/posts"}],"about":[{"href":"https:\/\/ilovepoland.fi\/index.php?rest_route=\/wp\/v2\/types\/post"}],"author":[{"embeddable":true,"href":"https:\/\/ilovepoland.fi\/index.php?rest_route=\/wp\/v2\/users\/2"}],"replies":[{"embeddable":true,"href":"https:\/\/ilovepoland.fi\/index.php?rest_route=%2Fwp%2Fv2%2Fcomments&post=127"}],"version-history":[{"count":1,"href":"https:\/\/ilovepoland.fi\/index.php?rest_route=\/wp\/v2\/posts\/127\/revisions"}],"predecessor-version":[{"id":129,"href":"https:\/\/ilovepoland.fi\/index.php?rest_route=\/wp\/v2\/posts\/127\/revisions\/129"}],"wp:featuredmedia":[{"embeddable":true,"href":"https:\/\/ilovepoland.fi\/index.php?rest_route=\/wp\/v2\/media\/128"}],"wp:attachment":[{"href":"https:\/\/ilovepoland.fi\/index.php?rest_route=%2Fwp%2Fv2%2Fmedia&parent=127"}],"wp:term":[{"taxonomy":"category","embeddable":true,"href":"https:\/\/ilovepoland.fi\/index.php?rest_route=%2Fwp%2Fv2%2Fcategories&post=127"},{"taxonomy":"post_tag","embeddable":true,"href":"https:\/\/ilovepoland.fi\/index.php?rest_route=%2Fwp%2Fv2%2Ftags&post=127"}],"curies":[{"name":"wp","href":"https:\/\/api.w.org\/{rel}","templated":true}]}}